{"id":3201,"date":"2021-09-07T14:23:10","date_gmt":"2021-09-07T12:23:10","guid":{"rendered":"https:\/\/artone.poush-dev.be\/focus-sur-namosa-de-promethea-le-collectif-dentreprises-mecenes-actif-en-region-namuroise\/"},"modified":"2024-09-12T12:10:43","modified_gmt":"2024-09-12T10:10:43","slug":"focus-op-namosa-van-promethea-groepering-van-bedrijven-actief-in-de-naamse-regio","status":"publish","type":"post","link":"https:\/\/www.artone.be\/nl\/focus-op-namosa-van-promethea-groepering-van-bedrijven-actief-in-de-naamse-regio\/","title":{"rendered":"Focus op Namosa van Prom\u00e9th\u00e9a, groepering van bedrijven, actief in de Naamse regio"},"content":{"rendered":"<p>[et_pb_section fb_built=&#8221;1&#8243; admin_label=&#8221;section&#8221; _builder_version=&#8221;4.27.0&#8243; _module_preset=&#8221;b19e0635-b57a-4141-8650-57c5f4e78eca&#8221; da_disable_devices=&#8221;off|off|off&#8221; global_colors_info=&#8221;{}&#8221; da_is_popup=&#8221;off&#8221; da_exit_intent=&#8221;off&#8221; da_has_close=&#8221;on&#8221; da_alt_close=&#8221;off&#8221; da_dark_close=&#8221;off&#8221; da_not_modal=&#8221;on&#8221; da_is_singular=&#8221;off&#8221; da_with_loader=&#8221;off&#8221; da_has_shadow=&#8221;on&#8221;][et_pb_row admin_label=&#8221;row&#8221; _builder_version=&#8221;4.16&#8243; background_size=&#8221;initial&#8221; background_position=&#8221;top_left&#8221; background_repeat=&#8221;repeat&#8221; global_colors_info=&#8221;{}&#8221;][et_pb_column type=&#8221;4_4&#8243; _builder_version=&#8221;4.16&#8243; custom_padding=&#8221;|||&#8221; global_colors_info=&#8221;{}&#8221; custom_padding__hover=&#8221;|||&#8221;][et_pb_text _builder_version=&#8221;4.27.0&#8243; _module_preset=&#8221;default&#8221; module_alignment=&#8221;center&#8221; hover_enabled=&#8221;0&#8243; global_colors_info=&#8221;{}&#8221; sticky_enabled=&#8221;0&#8243;]<\/p>\n<p>Prom\u00e9th\u00e9a, een dynamische\u00a0 vereniging, promoot en ontwikkelt het bedrijfsmecenaat ter ondersteuning van de culturele en erfgoedsector. Prom\u00e9th\u00e9a, reeds actief sinds 30 jaar, is de referentie geworden voor mecenaat in Belgi\u00eb door bruggen te bouwen tussen mensen, bedrijven, instellingen en verenigingen uit de politieke, de economische en de culturele wereld. Prom\u00e9th\u00e9a begeleidt eveneens bedrijven bij de ontwikkeling van hun mecenaatsstrategie.<\/p>\n<p>Sedert 2020, wordt Namosa van Prom\u00e9th\u00e9a ondersteund door Artone en een vijftiental andere bedrijven.Ze maken het tentoonstellen van kunstwerken\u00a0 in de Naamse openbare ruimte mogelijk, met als bedoeling, met de jaren, een kunstenaarsparcours op te richten.<\/p>\n<p>Hierdoor wil Artone zijn steentje bijdragen aan maatschappelijke uitdagingen\u00a0: de ontwikkeling van allerlei soorten kunsten, toegankelijk voor iedereen en het bewaren van het patrimonium verzekeren. Artone is trots creatieve en originele werken te promoten, die deel uitmaken van een duurzame en vooruitstrevende maatschappij.<\/p>\n<p>Concreet lanceert Namosa elk jaar een projectoproep, waar een \u201cNamosa prijs\u201d ter waarde van 14.000\u20ac aan vasthangt.<\/p>\n<p>Dit jaar is\u00a0 \u201cL\u2019empreinte de l\u2019ange\u201d de grote winnaar.\u00a0Het gaat hier om een samenwerkingsproject tussen \u00ab\u00a0Patrimoine \u00e0 Roulettes asbl\u00a0\u00bb en \u00ab\u00a0Centre d\u2019Expression et de Cr\u00e9ativit\u00e9 LST (lutte, solidarit\u00e9, Travail)\u00a0\u00bb.\u00a0Een van de puntgevels van \u201cla Place de l\u2019Ange\u201d wordt bedekt met gouden bladjes met talrijke vingerafdrukken. Deze worden verzameld tijdens de zomer gedurende plastische ateliers georganiseerd voor een kwetsbaar publiek. Dit kunstwerk brengt de onderwerpen herinnering en vergetelheid, identiteit en gemeenschap, rijkdom en armoede aan het licht. Beide verenigingen willen hiermee voelbare sporen van een creatief proces in de openbare ruimte achterlaten waarbij personen aan wie we vaak onvoldoende aandacht schenken in het licht gesteld worden. Een symbolische echo op een welbekend plein van Namen.<\/p>\n<p>De inwijding zal op 17 oktober plaatsvinden.<\/p>\n<p>[\/et_pb_text][\/et_pb_column][\/et_pb_row][\/et_pb_section]<\/p>\n","protected":false},"excerpt":{"rendered":"<p>Prom\u00e9th\u00e9a, een dynamische\u00a0 vereniging, promoot en ontwikkelt het bedrijfsmecenaat ter ondersteuning van de culturele en erfgoedsector. Prom\u00e9th\u00e9a, reeds actief sinds 30 jaar, is de referentie geworden voor mecenaat in Belgi\u00eb door bruggen te bouwen tussen mensen, bedrijven, instellingen en verenigingen uit de politieke, de economische en de culturele wereld. Prom\u00e9th\u00e9a begeleidt eveneens bedrijven bij de ontwikkeling van hun mecenaatsstrategie. Sedert 2020, wordt Namosa van Prom\u00e9th\u00e9a ondersteund door Artone en een vijftiental andere bedrijven.Ze maken het tentoonstellen van kunstwerken\u00a0 in de Naamse openbare ruimte mogelijk, met als bedoeling, met de jaren, een kunstenaarsparcours op te richten. Hierdoor wil Artone zijn steentje bijdragen aan maatschappelijke uitdagingen\u00a0: de ontwikkeling van allerlei soorten kunsten, toegankelijk voor iedereen en het bewaren van het patrimonium verzekeren. Artone is trots creatieve en originele werken te promoten, die deel uitmaken van een duurzame en vooruitstrevende maatschappij. Concreet lanceert Namosa elk jaar een projectoproep, waar een \u201cNamosa prijs\u201d ter waarde van 14.000\u20ac aan vasthangt. Dit jaar is\u00a0 \u201cL\u2019empreinte de l\u2019ange\u201d de grote winnaar.\u00a0Het gaat hier om een samenwerkingsproject tussen \u00ab\u00a0Patrimoine \u00e0 Roulettes asbl\u00a0\u00bb en \u00ab\u00a0Centre d\u2019Expression et de Cr\u00e9ativit\u00e9 LST (lutte, solidarit\u00e9, Travail)\u00a0\u00bb.\u00a0Een van de puntgevels van \u201cla Place de l\u2019Ange\u201d wordt bedekt met gouden bladjes met talrijke vingerafdrukken. [&hellip;]<\/p>\n","protected":false},"author":2,"featured_media":2996,"comment_status":"closed","ping_status":"closed","sticky":false,"template":"","format":"standard","meta":{"_acf_changed":false,"_et_pb_use_builder":"on","_et_pb_old_content":"","_et_gb_content_width":"","inline_featured_image":false,"footnotes":""},"categories":[62],"tags":[],"class_list":["post-3201","post","type-post","status-publish","format-standard","has-post-thumbnail","hentry","category-geen-onderdeel-van-een-categorie"],"acf":[],"yoast_head":"<!-- This site is optimized with the Yoast SEO plugin v27.5 - https:\/\/yoast.com\/product\/yoast-seo-wordpress\/ -->\n<title>Focus op Namosa van Prom\u00e9th\u00e9a, groepering van bedrijven, actief in de Naamse regio | Artone<\/title>\n<meta name=\"robots\" content=\"index, follow, max-snippet:-1, max-image-preview:large, max-video-preview:-1\" \/>\n<link rel=\"canonical\" href=\"https:\/\/www.artone.be\/nl\/focus-op-namosa-van-promethea-groepering-van-bedrijven-actief-in-de-naamse-regio\/\" \/>\n<meta property=\"og:locale\" content=\"nl_BE\" \/>\n<meta property=\"og:type\" content=\"article\" \/>\n<meta property=\"og:title\" content=\"Focus op Namosa van Prom\u00e9th\u00e9a, groepering van bedrijven, actief in de Naamse regio | Artone\" \/>\n<meta property=\"og:description\" content=\"Prom\u00e9th\u00e9a, een dynamische\u00a0 vereniging, promoot en ontwikkelt het bedrijfsmecenaat ter ondersteuning van de culturele en erfgoedsector. Prom\u00e9th\u00e9a, reeds actief sinds 30 jaar, is de referentie geworden voor mecenaat in Belgi\u00eb door bruggen te bouwen tussen mensen, bedrijven, instellingen en verenigingen uit de politieke, de economische en de culturele wereld. Prom\u00e9th\u00e9a begeleidt eveneens bedrijven bij de ontwikkeling van hun mecenaatsstrategie. Sedert 2020, wordt Namosa van Prom\u00e9th\u00e9a ondersteund door Artone en een vijftiental andere bedrijven.Ze maken het tentoonstellen van kunstwerken\u00a0 in de Naamse openbare ruimte mogelijk, met als bedoeling, met de jaren, een kunstenaarsparcours op te richten. Hierdoor wil Artone zijn steentje bijdragen aan maatschappelijke uitdagingen\u00a0: de ontwikkeling van allerlei soorten kunsten, toegankelijk voor iedereen en het bewaren van het patrimonium verzekeren. Artone is trots creatieve en originele werken te promoten, die deel uitmaken van een duurzame en vooruitstrevende maatschappij. Concreet lanceert Namosa elk jaar een projectoproep, waar een \u201cNamosa prijs\u201d ter waarde van 14.000\u20ac aan vasthangt. Dit jaar is\u00a0 \u201cL\u2019empreinte de l\u2019ange\u201d de grote winnaar.\u00a0Het gaat hier om een samenwerkingsproject tussen \u00ab\u00a0Patrimoine \u00e0 Roulettes asbl\u00a0\u00bb en \u00ab\u00a0Centre d\u2019Expression et de Cr\u00e9ativit\u00e9 LST (lutte, solidarit\u00e9, Travail)\u00a0\u00bb.\u00a0Een van de puntgevels van \u201cla Place de l\u2019Ange\u201d wordt bedekt met gouden bladjes met talrijke vingerafdrukken. [&hellip;]\" \/>\n<meta property=\"og:url\" content=\"https:\/\/www.artone.be\/nl\/focus-op-namosa-van-promethea-groepering-van-bedrijven-actief-in-de-naamse-regio\/\" \/>\n<meta property=\"og:site_name\" content=\"Artone\" \/>\n<meta property=\"article:published_time\" content=\"2021-09-07T12:23:10+00:00\" \/>\n<meta property=\"article:modified_time\" content=\"2024-09-12T10:10:43+00:00\" \/>\n<meta property=\"og:image\" content=\"https:\/\/www.artone.be\/wp-content\/uploads\/2024\/09\/20210907_Photo.jpg\" \/>\n\t<meta property=\"og:image:width\" content=\"1900\" \/>\n\t<meta property=\"og:image:height\" content=\"1098\" \/>\n\t<meta property=\"og:image:type\" content=\"image\/jpeg\" \/>\n<meta name=\"author\" content=\"james\" \/>\n<meta name=\"twitter:card\" content=\"summary_large_image\" \/>\n<meta name=\"twitter:label1\" content=\"Geschreven door\" \/>\n\t<meta name=\"twitter:data1\" content=\"james\" \/>\n\t<meta name=\"twitter:label2\" content=\"Geschatte leestijd\" \/>\n\t<meta name=\"twitter:data2\" content=\"2 minuten\" \/>\n<script type=\"application\/ld+json\" class=\"yoast-schema-graph\">{\"@context\":\"https:\\\/\\\/schema.org\",\"@graph\":[{\"@type\":\"Article\",\"@id\":\"https:\\\/\\\/www.artone.be\\\/nl\\\/focus-op-namosa-van-promethea-groepering-van-bedrijven-actief-in-de-naamse-regio\\\/#article\",\"isPartOf\":{\"@id\":\"https:\\\/\\\/www.artone.be\\\/nl\\\/focus-op-namosa-van-promethea-groepering-van-bedrijven-actief-in-de-naamse-regio\\\/\"},\"author\":{\"name\":\"james\",\"@id\":\"https:\\\/\\\/www.artone.be\\\/nl\\\/#\\\/schema\\\/person\\\/3d39108d9ad9e2d9690d61d44d9a92ba\"},\"headline\":\"Focus op Namosa van Prom\u00e9th\u00e9a, groepering van bedrijven, actief in de Naamse regio\",\"datePublished\":\"2021-09-07T12:23:10+00:00\",\"dateModified\":\"2024-09-12T10:10:43+00:00\",\"mainEntityOfPage\":{\"@id\":\"https:\\\/\\\/www.artone.be\\\/nl\\\/focus-op-namosa-van-promethea-groepering-van-bedrijven-actief-in-de-naamse-regio\\\/\"},\"wordCount\":434,\"image\":{\"@id\":\"https:\\\/\\\/www.artone.be\\\/nl\\\/focus-op-namosa-van-promethea-groepering-van-bedrijven-actief-in-de-naamse-regio\\\/#primaryimage\"},\"thumbnailUrl\":\"https:\\\/\\\/www.artone.be\\\/wp-content\\\/uploads\\\/2024\\\/09\\\/20210907_Photo.jpg\",\"articleSection\":[\"Geen onderdeel van een categorie\"],\"inLanguage\":\"nl-BE\"},{\"@type\":\"WebPage\",\"@id\":\"https:\\\/\\\/www.artone.be\\\/nl\\\/focus-op-namosa-van-promethea-groepering-van-bedrijven-actief-in-de-naamse-regio\\\/\",\"url\":\"https:\\\/\\\/www.artone.be\\\/nl\\\/focus-op-namosa-van-promethea-groepering-van-bedrijven-actief-in-de-naamse-regio\\\/\",\"name\":\"Focus op Namosa van Prom\u00e9th\u00e9a, groepering van bedrijven, actief in de Naamse regio | Artone\",\"isPartOf\":{\"@id\":\"https:\\\/\\\/www.artone.be\\\/nl\\\/#website\"},\"primaryImageOfPage\":{\"@id\":\"https:\\\/\\\/www.artone.be\\\/nl\\\/focus-op-namosa-van-promethea-groepering-van-bedrijven-actief-in-de-naamse-regio\\\/#primaryimage\"},\"image\":{\"@id\":\"https:\\\/\\\/www.artone.be\\\/nl\\\/focus-op-namosa-van-promethea-groepering-van-bedrijven-actief-in-de-naamse-regio\\\/#primaryimage\"},\"thumbnailUrl\":\"https:\\\/\\\/www.artone.be\\\/wp-content\\\/uploads\\\/2024\\\/09\\\/20210907_Photo.jpg\",\"datePublished\":\"2021-09-07T12:23:10+00:00\",\"dateModified\":\"2024-09-12T10:10:43+00:00\",\"author\":{\"@id\":\"https:\\\/\\\/www.artone.be\\\/nl\\\/#\\\/schema\\\/person\\\/3d39108d9ad9e2d9690d61d44d9a92ba\"},\"breadcrumb\":{\"@id\":\"https:\\\/\\\/www.artone.be\\\/nl\\\/focus-op-namosa-van-promethea-groepering-van-bedrijven-actief-in-de-naamse-regio\\\/#breadcrumb\"},\"inLanguage\":\"nl-BE\",\"potentialAction\":[{\"@type\":\"ReadAction\",\"target\":[\"https:\\\/\\\/www.artone.be\\\/nl\\\/focus-op-namosa-van-promethea-groepering-van-bedrijven-actief-in-de-naamse-regio\\\/\"]}]},{\"@type\":\"ImageObject\",\"inLanguage\":\"nl-BE\",\"@id\":\"https:\\\/\\\/www.artone.be\\\/nl\\\/focus-op-namosa-van-promethea-groepering-van-bedrijven-actief-in-de-naamse-regio\\\/#primaryimage\",\"url\":\"https:\\\/\\\/www.artone.be\\\/wp-content\\\/uploads\\\/2024\\\/09\\\/20210907_Photo.jpg\",\"contentUrl\":\"https:\\\/\\\/www.artone.be\\\/wp-content\\\/uploads\\\/2024\\\/09\\\/20210907_Photo.jpg\",\"width\":1900,\"height\":1098},{\"@type\":\"BreadcrumbList\",\"@id\":\"https:\\\/\\\/www.artone.be\\\/nl\\\/focus-op-namosa-van-promethea-groepering-van-bedrijven-actief-in-de-naamse-regio\\\/#breadcrumb\",\"itemListElement\":[{\"@type\":\"ListItem\",\"position\":1,\"name\":\"Accueil\",\"item\":\"https:\\\/\\\/www.artone.be\\\/nl\\\/\"},{\"@type\":\"ListItem\",\"position\":2,\"name\":\"Focus op Namosa van Prom\u00e9th\u00e9a, groepering van bedrijven, actief in de Naamse regio\"}]},{\"@type\":\"WebSite\",\"@id\":\"https:\\\/\\\/www.artone.be\\\/nl\\\/#website\",\"url\":\"https:\\\/\\\/www.artone.be\\\/nl\\\/\",\"name\":\"Artone\",\"description\":\"\",\"potentialAction\":[{\"@type\":\"SearchAction\",\"target\":{\"@type\":\"EntryPoint\",\"urlTemplate\":\"https:\\\/\\\/www.artone.be\\\/nl\\\/?s={search_term_string}\"},\"query-input\":{\"@type\":\"PropertyValueSpecification\",\"valueRequired\":true,\"valueName\":\"search_term_string\"}}],\"inLanguage\":\"nl-BE\"},{\"@type\":\"Person\",\"@id\":\"https:\\\/\\\/www.artone.be\\\/nl\\\/#\\\/schema\\\/person\\\/3d39108d9ad9e2d9690d61d44d9a92ba\",\"name\":\"james\"}]}<\/script>\n<!-- \/ Yoast SEO plugin. -->","yoast_head_json":{"title":"Focus op Namosa van Prom\u00e9th\u00e9a, groepering van bedrijven, actief in de Naamse regio | Artone","robots":{"index":"index","follow":"follow","max-snippet":"max-snippet:-1","max-image-preview":"max-image-preview:large","max-video-preview":"max-video-preview:-1"},"canonical":"https:\/\/www.artone.be\/nl\/focus-op-namosa-van-promethea-groepering-van-bedrijven-actief-in-de-naamse-regio\/","og_locale":"nl_BE","og_type":"article","og_title":"Focus op Namosa van Prom\u00e9th\u00e9a, groepering van bedrijven, actief in de Naamse regio | Artone","og_description":"Prom\u00e9th\u00e9a, een dynamische\u00a0 vereniging, promoot en ontwikkelt het bedrijfsmecenaat ter ondersteuning van de culturele en erfgoedsector. Prom\u00e9th\u00e9a, reeds actief sinds 30 jaar, is de referentie geworden voor mecenaat in Belgi\u00eb door bruggen te bouwen tussen mensen, bedrijven, instellingen en verenigingen uit de politieke, de economische en de culturele wereld. Prom\u00e9th\u00e9a begeleidt eveneens bedrijven bij de ontwikkeling van hun mecenaatsstrategie. Sedert 2020, wordt Namosa van Prom\u00e9th\u00e9a ondersteund door Artone en een vijftiental andere bedrijven.Ze maken het tentoonstellen van kunstwerken\u00a0 in de Naamse openbare ruimte mogelijk, met als bedoeling, met de jaren, een kunstenaarsparcours op te richten. Hierdoor wil Artone zijn steentje bijdragen aan maatschappelijke uitdagingen\u00a0: de ontwikkeling van allerlei soorten kunsten, toegankelijk voor iedereen en het bewaren van het patrimonium verzekeren. Artone is trots creatieve en originele werken te promoten, die deel uitmaken van een duurzame en vooruitstrevende maatschappij. Concreet lanceert Namosa elk jaar een projectoproep, waar een \u201cNamosa prijs\u201d ter waarde van 14.000\u20ac aan vasthangt. Dit jaar is\u00a0 \u201cL\u2019empreinte de l\u2019ange\u201d de grote winnaar.\u00a0Het gaat hier om een samenwerkingsproject tussen \u00ab\u00a0Patrimoine \u00e0 Roulettes asbl\u00a0\u00bb en \u00ab\u00a0Centre d\u2019Expression et de Cr\u00e9ativit\u00e9 LST (lutte, solidarit\u00e9, Travail)\u00a0\u00bb.\u00a0Een van de puntgevels van \u201cla Place de l\u2019Ange\u201d wordt bedekt met gouden bladjes met talrijke vingerafdrukken. [&hellip;]","og_url":"https:\/\/www.artone.be\/nl\/focus-op-namosa-van-promethea-groepering-van-bedrijven-actief-in-de-naamse-regio\/","og_site_name":"Artone","article_published_time":"2021-09-07T12:23:10+00:00","article_modified_time":"2024-09-12T10:10:43+00:00","og_image":[{"width":1900,"height":1098,"url":"https:\/\/www.artone.be\/wp-content\/uploads\/2024\/09\/20210907_Photo.jpg","type":"image\/jpeg"}],"author":"james","twitter_card":"summary_large_image","twitter_misc":{"Geschreven door":"james","Geschatte leestijd":"2 minuten"},"schema":{"@context":"https:\/\/schema.org","@graph":[{"@type":"Article","@id":"https:\/\/www.artone.be\/nl\/focus-op-namosa-van-promethea-groepering-van-bedrijven-actief-in-de-naamse-regio\/#article","isPartOf":{"@id":"https:\/\/www.artone.be\/nl\/focus-op-namosa-van-promethea-groepering-van-bedrijven-actief-in-de-naamse-regio\/"},"author":{"name":"james","@id":"https:\/\/www.artone.be\/nl\/#\/schema\/person\/3d39108d9ad9e2d9690d61d44d9a92ba"},"headline":"Focus op Namosa van Prom\u00e9th\u00e9a, groepering van bedrijven, actief in de Naamse regio","datePublished":"2021-09-07T12:23:10+00:00","dateModified":"2024-09-12T10:10:43+00:00","mainEntityOfPage":{"@id":"https:\/\/www.artone.be\/nl\/focus-op-namosa-van-promethea-groepering-van-bedrijven-actief-in-de-naamse-regio\/"},"wordCount":434,"image":{"@id":"https:\/\/www.artone.be\/nl\/focus-op-namosa-van-promethea-groepering-van-bedrijven-actief-in-de-naamse-regio\/#primaryimage"},"thumbnailUrl":"https:\/\/www.artone.be\/wp-content\/uploads\/2024\/09\/20210907_Photo.jpg","articleSection":["Geen onderdeel van een categorie"],"inLanguage":"nl-BE"},{"@type":"WebPage","@id":"https:\/\/www.artone.be\/nl\/focus-op-namosa-van-promethea-groepering-van-bedrijven-actief-in-de-naamse-regio\/","url":"https:\/\/www.artone.be\/nl\/focus-op-namosa-van-promethea-groepering-van-bedrijven-actief-in-de-naamse-regio\/","name":"Focus op Namosa van Prom\u00e9th\u00e9a, groepering van bedrijven, actief in de Naamse regio | Artone","isPartOf":{"@id":"https:\/\/www.artone.be\/nl\/#website"},"primaryImageOfPage":{"@id":"https:\/\/www.artone.be\/nl\/focus-op-namosa-van-promethea-groepering-van-bedrijven-actief-in-de-naamse-regio\/#primaryimage"},"image":{"@id":"https:\/\/www.artone.be\/nl\/focus-op-namosa-van-promethea-groepering-van-bedrijven-actief-in-de-naamse-regio\/#primaryimage"},"thumbnailUrl":"https:\/\/www.artone.be\/wp-content\/uploads\/2024\/09\/20210907_Photo.jpg","datePublished":"2021-09-07T12:23:10+00:00","dateModified":"2024-09-12T10:10:43+00:00","author":{"@id":"https:\/\/www.artone.be\/nl\/#\/schema\/person\/3d39108d9ad9e2d9690d61d44d9a92ba"},"breadcrumb":{"@id":"https:\/\/www.artone.be\/nl\/focus-op-namosa-van-promethea-groepering-van-bedrijven-actief-in-de-naamse-regio\/#breadcrumb"},"inLanguage":"nl-BE","potentialAction":[{"@type":"ReadAction","target":["https:\/\/www.artone.be\/nl\/focus-op-namosa-van-promethea-groepering-van-bedrijven-actief-in-de-naamse-regio\/"]}]},{"@type":"ImageObject","inLanguage":"nl-BE","@id":"https:\/\/www.artone.be\/nl\/focus-op-namosa-van-promethea-groepering-van-bedrijven-actief-in-de-naamse-regio\/#primaryimage","url":"https:\/\/www.artone.be\/wp-content\/uploads\/2024\/09\/20210907_Photo.jpg","contentUrl":"https:\/\/www.artone.be\/wp-content\/uploads\/2024\/09\/20210907_Photo.jpg","width":1900,"height":1098},{"@type":"BreadcrumbList","@id":"https:\/\/www.artone.be\/nl\/focus-op-namosa-van-promethea-groepering-van-bedrijven-actief-in-de-naamse-regio\/#breadcrumb","itemListElement":[{"@type":"ListItem","position":1,"name":"Accueil","item":"https:\/\/www.artone.be\/nl\/"},{"@type":"ListItem","position":2,"name":"Focus op Namosa van Prom\u00e9th\u00e9a, groepering van bedrijven, actief in de Naamse regio"}]},{"@type":"WebSite","@id":"https:\/\/www.artone.be\/nl\/#website","url":"https:\/\/www.artone.be\/nl\/","name":"Artone","description":"","potentialAction":[{"@type":"SearchAction","target":{"@type":"EntryPoint","urlTemplate":"https:\/\/www.artone.be\/nl\/?s={search_term_string}"},"query-input":{"@type":"PropertyValueSpecification","valueRequired":true,"valueName":"search_term_string"}}],"inLanguage":"nl-BE"},{"@type":"Person","@id":"https:\/\/www.artone.be\/nl\/#\/schema\/person\/3d39108d9ad9e2d9690d61d44d9a92ba","name":"james"}]}},"_links":{"self":[{"href":"https:\/\/www.artone.be\/nl\/wp-json\/wp\/v2\/posts\/3201","targetHints":{"allow":["GET"]}}],"collection":[{"href":"https:\/\/www.artone.be\/nl\/wp-json\/wp\/v2\/posts"}],"about":[{"href":"https:\/\/www.artone.be\/nl\/wp-json\/wp\/v2\/types\/post"}],"author":[{"embeddable":true,"href":"https:\/\/www.artone.be\/nl\/wp-json\/wp\/v2\/users\/2"}],"replies":[{"embeddable":true,"href":"https:\/\/www.artone.be\/nl\/wp-json\/wp\/v2\/comments?post=3201"}],"version-history":[{"count":2,"href":"https:\/\/www.artone.be\/nl\/wp-json\/wp\/v2\/posts\/3201\/revisions"}],"predecessor-version":[{"id":3206,"href":"https:\/\/www.artone.be\/nl\/wp-json\/wp\/v2\/posts\/3201\/revisions\/3206"}],"wp:featuredmedia":[{"embeddable":true,"href":"https:\/\/www.artone.be\/nl\/wp-json\/wp\/v2\/media\/2996"}],"wp:attachment":[{"href":"https:\/\/www.artone.be\/nl\/wp-json\/wp\/v2\/media?parent=3201"}],"wp:term":[{"taxonomy":"category","embeddable":true,"href":"https:\/\/www.artone.be\/nl\/wp-json\/wp\/v2\/categories?post=3201"},{"taxonomy":"post_tag","embeddable":true,"href":"https:\/\/www.artone.be\/nl\/wp-json\/wp\/v2\/tags?post=3201"}],"curies":[{"name":"wp","href":"https:\/\/api.w.org\/{rel}","templated":true}]}}